{"id":654,"date":"2021-06-14T12:06:43","date_gmt":"2021-06-14T12:06:43","guid":{"rendered":"https:\/\/radioritmolatino.com\/?p=654"},"modified":"2021-06-14T12:07:30","modified_gmt":"2021-06-14T12:07:30","slug":"el-almanaque-de-las-efemerides-5","status":"publish","type":"post","link":"https:\/\/radioritmolatino.com\/?p=654","title":{"rendered":"EL ALMANAQUE DE LAS EFEM\u00c9RIDES"},"content":{"rendered":"\n<p>1476 Transilvania: muere el cruel conde Vlad Dr\u00e1cula, llamado el Empalador. 1894 Muere el pintor Federico Madrazo. 1908 Barcelona: I Asamblea Esperantista. Londres: Gran manifestaci\u00f3n sufragista. 1920 Muere el soci\u00f3logo Max Weber. 1940 Los alemanes entran en Par\u00eds. 1944 Muere el dramaturgo Joaqu\u00edn \u00c1lvarez Quintero. 1949 Se proclama un Estado vietnamita bajo el Gobierno de Bao Dai. 1968 Desaparece el poeta Salvatore Quasimodo. 1973 Estalla el esc\u00e1ndalo conocido como Watergate, al descubrirse que el presidente Richard Nixon hab\u00eda utilizado m\u00e9todos ilegales en su campa\u00f1a para la reelecci\u00f3n. 1982 Se pone fin a la Guerra de las Malvinas, conflicto b\u00e9lico entre Argentina y Gran Breta\u00f1a. 1983 El Senado espa\u00f1ol ratifica la ley de expropiaci\u00f3n de Rumasa, holding de Jos\u00e9 Mar\u00eda Ruiz-Mateos. 1985 Milicianos chi\u00edtas libaneses se apoderan de un avi\u00f3n de la TWA con 147 pasajeros 1994 Se celebra la IV Cumbre Iberoamericana en Cartagena de Indias (Colombia) 1997 El presidente croata Franjo Tudjman, es reelegido para un nuevo mandato de cinco a\u00f1os. 2000 El canciller alem\u00e1n Gerhard Schr\u00f6der y la industria nuclear alemana acuerdan el cierre de las 19 centrales que funcionan en el pa\u00eds. 2003: en M\u00e9xico, el Club de F\u00fatbol Monterrey obtiene el t\u00edtulo del Torneo Clausura del f\u00fatbol mexicano, derrotando al Monarcas Morelia por marcador global de 3 goles a 1.2008: en Zaragoza (Espa\u00f1a), se abre al p\u00fablico la Exposici\u00f3n Internacional, con el lema \u00abAgua y desarrollo sostenible\u00bb.2009: en Sud\u00e1frica comienza la Copa Confederaciones de f\u00fatbol.2010: en Tepic (M\u00e9xico) un comando armado asesina a 15 j\u00f3venes en un autolavado.2011: la banda estadounidense LMFAO lanza su segundo disco, titulado Sorry for Party Rocking<\/p>\n\n\n\n<figure class=\"wp-block-video\"><video height=\"1080\" style=\"aspect-ratio: 1080 \/ 1080;\" width=\"1080\" controls src=\"https:\/\/radioritmolatino.com\/wp-content\/uploads\/2021\/06\/20210608_2200502.mp4\"><\/video><\/figure>\n\n\n\n<p>EL ALMANAQUE DE LAS EFEM\u00c9RIDES<\/p>\n","protected":false},"excerpt":{"rendered":"<p>EL ALMANAQUE DE LAS EFEM\u00c9RIDES<\/p>\n","protected":false},"author":6,"featured_media":562,"comment_status":"open","ping_status":"open","sticky":false,"template":"","format":"standard","meta":{"footnotes":""},"categories":[15,14],"tags":[],"class_list":["post-654","post","type-post","status-publish","format-standard","has-post-thumbnail","hentry","category-debajo-del-iceberg","category-locutores"],"_links":{"self":[{"href":"https:\/\/radioritmolatino.com\/index.php?rest_route=\/wp\/v2\/posts\/654","targetHints":{"allow":["GET"]}}],"collection":[{"href":"https:\/\/radioritmolatino.com\/index.php?rest_route=\/wp\/v2\/posts"}],"about":[{"href":"https:\/\/radioritmolatino.com\/index.php?rest_route=\/wp\/v2\/types\/post"}],"author":[{"embeddable":true,"href":"https:\/\/radioritmolatino.com\/index.php?rest_route=\/wp\/v2\/users\/6"}],"replies":[{"embeddable":true,"href":"https:\/\/radioritmolatino.com\/index.php?rest_route=%2Fwp%2Fv2%2Fcomments&post=654"}],"version-history":[{"count":1,"href":"https:\/\/radioritmolatino.com\/index.php?rest_route=\/wp\/v2\/posts\/654\/revisions"}],"predecessor-version":[{"id":655,"href":"https:\/\/radioritmolatino.com\/index.php?rest_route=\/wp\/v2\/posts\/654\/revisions\/655"}],"wp:featuredmedia":[{"embeddable":true,"href":"https:\/\/radioritmolatino.com\/index.php?rest_route=\/wp\/v2\/media\/562"}],"wp:attachment":[{"href":"https:\/\/radioritmolatino.com\/index.php?rest_route=%2Fwp%2Fv2%2Fmedia&parent=654"}],"wp:term":[{"taxonomy":"category","embeddable":true,"href":"https:\/\/radioritmolatino.com\/index.php?rest_route=%2Fwp%2Fv2%2Fcategories&post=654"},{"taxonomy":"post_tag","embeddable":true,"href":"https:\/\/radioritmolatino.com\/index.php?rest_route=%2Fwp%2Fv2%2Ftags&post=654"}],"curies":[{"name":"wp","href":"https:\/\/api.w.org\/{rel}","templated":true}]}}